{"id":1502,"date":"2023-09-18T19:32:49","date_gmt":"2023-09-18T22:32:49","guid":{"rendered":"http:\/\/www.tcse.gob.ar\/?p=1502"},"modified":"2023-09-18T19:42:02","modified_gmt":"2023-09-18T22:42:02","slug":"tercer-encuentro-del-tribunal-de-cuentas-de-la-provincia-sde-con-intendentes","status":"publish","type":"post","link":"http:\/\/www.tcse.gob.ar\/index.php\/noticia\/tercer-encuentro-del-tribunal-de-cuentas-de-la-provincia-sde-con-intendentes\/","title":{"rendered":"Tercer Encuentro del Tribunal de Cuentas de la Provincia SDE con Intendentes"},"content":{"rendered":"\n<p>\u201cEs importante transmitir que, en los gobiernos municipales, hay personas que no tienen miedo a darle transparencia a su gesti\u00f3n, por lo que es importante replicar este mensaje positivo y felicitarlos\u201d dijo Diaz Achaval. El encuentro &#8211; que congreg\u00f3 a Intendentes de municipios de 2da y 3ra categor\u00eda, con los equipos econ\u00f3micos bajo su dependencia-, se enmarc\u00f3 en el Espacio de Capacitaci\u00f3n para la Gesti\u00f3n P\u00fablica, que instrument\u00f3 el Tribunal de Cuentas de Santiago del Estero, que preside el Dr. Mart\u00edn D\u00edaz Ach\u00e1val.<\/p>\n\n\n\n<p>Puntualmente, se abord\u00f3 en formato taller -con los equipos t\u00e9cnicos del TCSE y de econom\u00eda de los municipios-, las rendiciones de cuentas del Fondo de Financiamiento Educativo (FFE), carga de la rendici\u00f3n y emisi\u00f3n de reportes a trav\u00e9s del Sistema de Administraci\u00f3n y Rendici\u00f3n de Cuentas (SARC), programaci\u00f3n toda desarrollada por ingenieros locales y personal t\u00e9cnico del organismo, para su implementaci\u00f3n en esta instancia en Municipios de 2da y 3ra categor\u00eda.<\/p>\n\n\n\n<p>En la ocasi\u00f3n, la intendenta de Forres, Bel\u00e9n Abdala, dio la bienvenida a todos los jefes comunales presentes, a sus equipos t\u00e9cnicos &#8211; como as\u00ed a las autoridades del TCSE-, agradeciendo la oportunidad de incorporar a las gestiones municipales las nuevas tecnolog\u00edas, que aseguren una administraci\u00f3n digital \u00e1gil, que posibilite la transparencia y la consecuente posibilidad de adoptar pol\u00edticas para el bien de la comunidad.<\/p>\n\n\n\n<p>A su turno, el Dr. Mart\u00edn D\u00edaz Achaval, transmiti\u00f3 el saludo de los vocales del TCSE, Cr. Alfredo Juri y Cr. Ricardo Lino Rubio, y agradeci\u00f3 a la anfitriona, Bel\u00e9n Abdala, la deferencia y el fuerte compromiso para llevar adelante la jornada, como as\u00ed valor\u00f3 el s\u00f3lido acompa\u00f1amiento de los jefes comunales y de sus equipos econ\u00f3micos. Tambi\u00e9n encomi\u00f3 y felicit\u00f3 al equipo de profesionales del TCSE que llev\u00f3 adelante la pr\u00e1ctica de capacitaci\u00f3n en taller.<br><\/p>\n\n\n\n<p>Valor\u00f3 \u201cesta experiencia para un \u00f3rgano que no sol\u00eda salir al interior y se quedaba en Santiago, donde todo se concentra en un espacio\u201d. Record\u00f3 que fue muy positiva y edificante la primera experiencia en la ciudad de Sumampa, hace un a\u00f1o, en un proceso previo a los relevos institucionales, luego de las elecciones de ese a\u00f1o, lo que se denomin\u00f3 \u201ctransici\u00f3n ordenada y controlada\u201d.<\/p>\n\n\n\n<p>Agreg\u00f3 D\u00edaz Achaval que \u201cdesde entonces se rompi\u00f3 un esquema r\u00edgido y decidimos salir y, desde adentro -en territorio-, compartir experiencias y lo que sabemos. Hoy, aqu\u00ed en Forres, es la continuidad de todo ello\u201d.<br><\/p>\n\n\n\n<p>Asimismo, el funcionario subray\u00f3 que la experiencia vivida le permite afirmar, particularmente en estos momentos, que \u201ces importante transmitir que, en los gobiernos municipales, hay personas que no tienen miedo a darle transparencia a su gesti\u00f3n, por lo que es importante replicar este mensaje positivo y felicitarlos\u201d.<\/p>\n\n\n\n<p>Abund\u00f3 D\u00edaz Achaval que \u201cla digitalizaci\u00f3n de la informaci\u00f3n contable, la gobernanza digital en s\u00ed misma, permite conocer c\u00f3mo se administran los fondos p\u00fablicos y en qu\u00e9 se gasta o invierte. Me imagino que -dirigi\u00e9ndose a los equipos econ\u00f3micos-, muchos de ustedes o todos, sienten ese peque\u00f1o o gran orgullo de formar parte de algo que es mejor de lo que se ven\u00eda haciendo y que se parece mucho a lo que a uno le gustar\u00eda que sea y que se parece a lo que la gente afuera reclama o no lo ve\u201d.<\/p>\n\n\n\n<p>Por \u00faltimo, afirm\u00f3 el funcionario que \u201cla gobernanza digital, ayuda no solamente al intendente o al funcionario. Tambi\u00e9n ayuda a la consolidaci\u00f3n de la democracia y de las instituciones, con un mejor manejo de la cosa p\u00fablica y, sobre todas las cosas, ayuda a mejorar la calidad de vida de una sociedad que realmente requiere y necesita que, los que estamos gobernando, estemos en esa. Que est\u00e9n aqu\u00ed los intendentes y su equipo econ\u00f3mico, y que se ponga toda la energ\u00eda en esto, demuestra cuales son nuestras prioridades que hay que defenderlas en estos tiempos\u201d.<\/p>\n\n\n\n<p>Por los jefes comunales, el Intendente de Loreto, Ram\u00f3n \u201cToto\u201d Gonz\u00e1lez, agradeci\u00f3 \u201cel fuerte acompa\u00f1amiento del TCSE. Digitalizar nuestras administraciones nos viene bien, para darnos tranquilidad. Lo digo por experiencia. Yo fui intendente en anterior oportunidad, y estuve esperando 10 a\u00f1os una resoluci\u00f3n del TC que indicaba que mi gesti\u00f3n fue correcta y ordenada. Ahora, seguramente, con el manejo de las rendiciones inmediatas, vamos a acceder a esa tranquilidad de haber ejecutado bien nuestra administraci\u00f3n, porque -sobre todas las cosas-, somos ciudadanos y vecinos en nuestras comunidades\u201d.<\/p>\n\n\n\n<p>En la oportunidad, estuvieron presentes los intendentes: De Loreto, Ram\u00f3n R. Gonz\u00e1lez; de Los Jur\u00edes, Javier Carabajal; de Nueva Esperanza, Arnaldo Cazazola; de Clodomira, Daniel Ru\u00edz; de Bandera, Jairo Colaneri; de Pinto, Jorge Leguizam\u00f3n; de Forres, Bel\u00e9n Abdala; de Monte Quemado, Ing. Felipe Cisneros; de Pozo Hondo, Alejandro Albornoz, con sus equipos econ\u00f3micos. Estuvieron participando equipos econ\u00f3micos, de Campo Gallo, Los Telares, Fern\u00e1ndez y Tintina.<br><\/p>\n\n\n\n<p><br><\/p>\n","protected":false},"excerpt":{"rendered":"<p>\u201cEs importante transmitir que, en los gobiernos municipales, hay personas que no tienen miedo a darle transparencia a su gesti\u00f3n, por lo que es importante replicar este mensaje positivo y felicitarlos\u201d dijo Diaz Achaval. El encuentro &#8211; que congreg\u00f3 a Intendentes de municipios de 2da y 3ra categor\u00eda, con los equipos econ\u00f3micos bajo su dependencia-, se enmarc\u00f3 en el Espacio<\/p>\n","protected":false},"author":1,"featured_media":1505,"comment_status":"closed","ping_status":"open","sticky":false,"template":"","format":"standard","meta":[],"categories":[7,4],"tags":[2],"_links":{"self":[{"href":"http:\/\/www.tcse.gob.ar\/index.php\/wp-json\/wp\/v2\/posts\/1502"}],"collection":[{"href":"http:\/\/www.tcse.gob.ar\/index.php\/wp-json\/wp\/v2\/posts"}],"about":[{"href":"http:\/\/www.tcse.gob.ar\/index.php\/wp-json\/wp\/v2\/types\/post"}],"author":[{"embeddable":true,"href":"http:\/\/www.tcse.gob.ar\/index.php\/wp-json\/wp\/v2\/users\/1"}],"replies":[{"embeddable":true,"href":"http:\/\/www.tcse.gob.ar\/index.php\/wp-json\/wp\/v2\/comments?post=1502"}],"version-history":[{"count":1,"href":"http:\/\/www.tcse.gob.ar\/index.php\/wp-json\/wp\/v2\/posts\/1502\/revisions"}],"predecessor-version":[{"id":1504,"href":"http:\/\/www.tcse.gob.ar\/index.php\/wp-json\/wp\/v2\/posts\/1502\/revisions\/1504"}],"wp:featuredmedia":[{"embeddable":true,"href":"http:\/\/www.tcse.gob.ar\/index.php\/wp-json\/wp\/v2\/media\/1505"}],"wp:attachment":[{"href":"http:\/\/www.tcse.gob.ar\/index.php\/wp-json\/wp\/v2\/media?parent=1502"}],"wp:term":[{"taxonomy":"category","embeddable":true,"href":"http:\/\/www.tcse.gob.ar\/index.php\/wp-json\/wp\/v2\/categories?post=1502"},{"taxonomy":"post_tag","embeddable":true,"href":"http:\/\/www.tcse.gob.ar\/index.php\/wp-json\/wp\/v2\/tags?post=1502"}],"curies":[{"name":"wp","href":"https:\/\/api.w.org\/{rel}","templated":true}]}}