{"id":1572,"date":"2024-04-17T08:43:46","date_gmt":"2024-04-17T11:43:46","guid":{"rendered":"http:\/\/www.tcse.gob.ar\/?p=1572"},"modified":"2024-07-28T17:46:48","modified_gmt":"2024-07-28T20:46:48","slug":"5o-encuentro-federal-de-intendentes-de-2a-y-3a-categoria","status":"publish","type":"post","link":"http:\/\/www.tcse.gob.ar\/index.php\/noticia\/5o-encuentro-federal-de-intendentes-de-2a-y-3a-categoria\/","title":{"rendered":"TDEC &#8211; 5\u00ba Encuentro Federal de Intendentes de 2\u00aa y 3\u00aa categor\u00eda"},"content":{"rendered":"\n<p><strong>CIUDAD DE BANDERA<\/strong>. Participaron 11 intendentes y sus equipos t\u00e9cnicos e integrantes del Tribunal de Cuentas de la provincia.<br><\/p>\n\n\n\n<p>Bandera fue sede del 5\u00ba Encuentro Federal de Intendentes de 2\u00aa y 3\u00aa categor\u00edas, donde el tema central fue &#8220;Gobernanza Digital y Control para la Gesti\u00f3n Eficiente&#8221;.<\/p>\n\n\n\n<p>La ciudad alberg\u00f3 a 11 intendentes y sus respectivos equipos t\u00e9cnicos y tuvo la presencia del Dr. Mart\u00edn D\u00edaz Ach\u00e1val (presidente del Tribunal de Cuentas de la provincia), CPN Alfredo Juri (vocal del Tribunal de Cuentas de la provincia), CP Ricardo Lino Rubio (vocal del Tribunal de Cuentas de la provincia), encabezados por el intendente local, Jairo Javier Colaneri.<\/p>\n\n\n\n<p>Tambi\u00e9n estuvieron presentes autoridades del Concejo Deliberante de Bandera, miembros del gabinete municipal y equipos t\u00e9cnicos de las ciudades que visitaron la ciudad.<\/p>\n\n\n\n<p>En ese contexto, estuvieron presentes Diego Ponti, intendente de Quimil\u00ed; Alejandro Albornoz, intendente de Pozo Hondo; Ram\u00f3n Gonz\u00e1lez, de Loreto; Arnaldo Cazasola de Nueva Esperanza; Jorge Leguizam\u00f3n, de Pinto; Mar\u00eda Ferreyra, de Pampa de los Guanacos; Felipe Cisneros, de Monte Quemado; Javier Carbajal, de Los Jur\u00edes; Fernando Bernasconi, de Sumampa; y William Chein, de Colonia Dora.<\/p>\n\n\n\n<p>El intendente anfitri\u00f3n dio la bienvenida a todos los presentes, dese\u00e1ndoles una excelente estad\u00eda en la ciudad y recalc\u00f3 la importancia de estas jornadas de trabajo. Tambi\u00e9n agradeci\u00f3 la presencia de las autoridades y los equipos de trabajo.<\/p>\n\n\n\n<figure class=\"is-layout-flex wp-block-gallery-1 wp-block-gallery has-nested-images columns-default is-cropped\">\n<figure class=\"wp-block-image size-large\"><img decoding=\"async\" loading=\"lazy\" width=\"1024\" height=\"655\" data-id=\"1574\"  src=\"http:\/\/www.tcse.gob.ar\/wp-content\/uploads\/2024\/04\/700394-t-1024x655.webp\" alt=\"\" class=\"wp-image-1574\" srcset=\"http:\/\/www.tcse.gob.ar\/wp-content\/uploads\/2024\/04\/700394-t-1024x655.webp 1024w, http:\/\/www.tcse.gob.ar\/wp-content\/uploads\/2024\/04\/700394-t-300x192.webp 300w, http:\/\/www.tcse.gob.ar\/wp-content\/uploads\/2024\/04\/700394-t-768x491.webp 768w, http:\/\/www.tcse.gob.ar\/wp-content\/uploads\/2024\/04\/700394-t.webp 1061w\" sizes=\"(max-width: 1024px) 100vw, 1024px\" \/><\/figure>\n<\/figure>\n\n\n\n<p>Luego de las exposiciones de las autoridades, dieron comienzo las actividades de administraci\u00f3n y organismos locales y rendici\u00f3n de cuentas, a cargo de la coordinadora de Tecnolog\u00edas, Informaci\u00f3n y Comunicaci\u00f3n, Ing. Silvia Manzur y la Coordinadora de Organismos Locales, contadora Mariela Zamb\u00f3n. Las conclusiones se entregaron a todos los presentes.<\/p>\n\n\n\n<p>Se inform\u00f3 que la pr\u00f3xima reuni\u00f3n se realizar\u00e1 en la ciudad de Loreto.<\/p>\n","protected":false},"excerpt":{"rendered":"<p>Bandera fue sede del 5\u00ba Encuentro Federal de Intendentes de 2\u00aa y 3\u00aa categor\u00edas, donde el tema central fue &#8220;Gobernanza Digital y Control para la Gesti\u00f3n Eficiente&#8221;.<\/p>\n","protected":false},"author":1,"featured_media":1573,"comment_status":"closed","ping_status":"open","sticky":false,"template":"","format":"standard","meta":[],"categories":[7,4],"tags":[2],"_links":{"self":[{"href":"http:\/\/www.tcse.gob.ar\/index.php\/wp-json\/wp\/v2\/posts\/1572"}],"collection":[{"href":"http:\/\/www.tcse.gob.ar\/index.php\/wp-json\/wp\/v2\/posts"}],"about":[{"href":"http:\/\/www.tcse.gob.ar\/index.php\/wp-json\/wp\/v2\/types\/post"}],"author":[{"embeddable":true,"href":"http:\/\/www.tcse.gob.ar\/index.php\/wp-json\/wp\/v2\/users\/1"}],"replies":[{"embeddable":true,"href":"http:\/\/www.tcse.gob.ar\/index.php\/wp-json\/wp\/v2\/comments?post=1572"}],"version-history":[{"count":4,"href":"http:\/\/www.tcse.gob.ar\/index.php\/wp-json\/wp\/v2\/posts\/1572\/revisions"}],"predecessor-version":[{"id":1612,"href":"http:\/\/www.tcse.gob.ar\/index.php\/wp-json\/wp\/v2\/posts\/1572\/revisions\/1612"}],"wp:featuredmedia":[{"embeddable":true,"href":"http:\/\/www.tcse.gob.ar\/index.php\/wp-json\/wp\/v2\/media\/1573"}],"wp:attachment":[{"href":"http:\/\/www.tcse.gob.ar\/index.php\/wp-json\/wp\/v2\/media?parent=1572"}],"wp:term":[{"taxonomy":"category","embeddable":true,"href":"http:\/\/www.tcse.gob.ar\/index.php\/wp-json\/wp\/v2\/categories?post=1572"},{"taxonomy":"post_tag","embeddable":true,"href":"http:\/\/www.tcse.gob.ar\/index.php\/wp-json\/wp\/v2\/tags?post=1572"}],"curies":[{"name":"wp","href":"https:\/\/api.w.org\/{rel}","templated":true}]}}