{"id":1676,"date":"2024-09-23T18:47:07","date_gmt":"2024-09-23T21:47:07","guid":{"rendered":"http:\/\/www.tcse.gob.ar\/?p=1676"},"modified":"2024-09-23T18:58:21","modified_gmt":"2024-09-23T21:58:21","slug":"tdec-8vo-encuentro-federal-de-municipios-de-2da-y-3ra-categoria-en-quimili","status":"publish","type":"post","link":"http:\/\/www.tcse.gob.ar\/index.php\/novedades\/tdec-8vo-encuentro-federal-de-municipios-de-2da-y-3ra-categoria-en-quimili\/","title":{"rendered":"TDEC &#8211; 8vo. Encuentro Federal de Municipios de 2da y 3ra Categor\u00eda en QUIMILI"},"content":{"rendered":"\n<p>Se llev\u00f3 a cabo en la Escuela de Artes y Oficios de la Ciudad de Quimil\u00ed el encuentro organizado por el Tribunal de Cuentas de la Provincia que congreg\u00f3 a doce intendentes municipales, en el marco del ciclo anual de capacitaciones denominado&nbsp;<strong>\u201cGobernanza Digital y Control para la Gesti\u00f3n Eficiente\u201d.<\/strong><\/p>\n\n\n\n<p>El jefe comunal anfitri\u00f3n&nbsp;<strong>Dr. Diego Ponti<\/strong>, estuvo a cargo de la apertura del encuentro, quien estuvo acompa\u00f1ado por el Presidente del Tribunal de Cuentas de la Provincia,&nbsp;<strong>Dr. Mart\u00edn D\u00edaz Achaval<\/strong>, el vicepresidente&nbsp;<strong>CPN Alfredo Juri<\/strong>&nbsp;y el vocal&nbsp;<strong>CPN Ricardo Lino Rubio<\/strong>.<\/p>\n\n\n\n<p>Ponti brind\u00f3 una c\u00e1lida bienvenida a los funcionarios del Tribunal de Cuentas como asi a sus pares, intendentes de Fern\u00e1ndez, Loreto, Los Jur\u00edes, Monte Quemado, Colonia Dora, Pampa de los Guanacos, Bandera, Tintina, Nueva Esperanza, Sumampa y Pinto, quienes junto a sus equipos t\u00e9cnicos participaron de la jornada de capacitaci\u00f3n.<\/p>\n\n\n\n<p><strong><mark style=\"background-color:rgba(0, 0, 0, 0)\" class=\"has-inline-color has-primary-color\">D\u00edaz Achaval: \u00bfC\u00f3mo creer que podemos salvarnos todos desde el individualismo y desde el ego\u00edsmo?<\/mark><\/strong><\/p>\n\n\n\n<p>Durante la apertura el Presidente del Tribunal, Dr. Mart\u00edn D\u00edaz Achaval, se mostr\u00f3 orgulloso de \u00abser corresponsable de estas reuniones peri\u00f3dicas que recorre todo el territorio provincial con una propuesta de formaci\u00f3n y capacitaci\u00f3n en donde el contacto directo es fundamental puesto que, mediante la experiencia, el conocimiento es mejor adquirido\u201d.<\/p>\n\n\n\n<p>Agreg\u00f3 que \u201cpara entender la realidad del otro es fundamental conocerla. Estos encuentros nos permiten compartir y comprender la realidad de la provincia. \u00bfC\u00f3mo creer que podemos salvarnos todos desde el individualismo y desde el ego\u00edsmo? Como provincia generamos fondos a trav\u00e9s de la producci\u00f3n. Somos una provincia que aporta y desde el desprecio \u2013 la ignorancia de no conocer la realidad, de quienes gobiernan el pa\u00eds-, sufrimos consecuencias del individualismo y ego\u00edsmo\u201d, asever\u00f3 D\u00edaz Achaval.<\/p>\n\n\n\n<p>Agreg\u00f3 \u201cese desprecio, no es producto solamente de sus malos sentimientos, sino tambi\u00e9n de la elecci\u00f3n de ser ignorantes. Es esa conciencia de saber que no se sabe, mostr\u00e1ndose ap\u00e1ticos ante una provincia que trabaja de manera constante en mejorar, crecer y construir una mejor provincia para cada uno\u201d.<\/p>\n\n\n\n<p>\u201cEstos encuentros nos permiten justamente conocernos, conocer la realidad de todos y nos posibilita avanzar y luchar juntos. Nuestra provincia muestra con cifras una pol\u00edtica de integraci\u00f3n, de convocatoria, de dialogo, de no discriminar la ideolog\u00eda pol\u00edtica, es una forma de convivir en armon\u00eda, en paz social, desde lo colectivo proyectando juntos un futuro mejor. Es mediante el federalismo que podemos trabajar juntos, con un mismo objetivo\u201d destac\u00f3 el Presidente del Tribunal de Cuentas.<\/p>\n\n\n\n<p>Subray\u00f3 que es \u201cimportante interpelar la ignorancia y el individualismo como el verdadero enemigo de este proceso, haci\u00e9ndolo desde el compartir experiencias, conocimientos y saberes, pero fundamentalmente desde el amor entendido como el conocimiento del otro, de la realidad de cada uno\u201d.<\/p>\n\n\n\n<p>Puntualiz\u00f3 que \u201cenriquecemos el saber, conociendo las realidades de las dem\u00e1s localidades. El cuidado de las finanzas p\u00fablicas, es la tarea esencial del Tribunal de Cuentas y es mucho m\u00e1s sencillo llevarla a cabo cuando existe un compromiso solidario, de transparencia y trazabilidad, como el que cada responsable demostr\u00f3 tener\u201d.<\/p>\n\n\n\n<p>A su turno, el Vicepresidente del TC, Cr. Alfredo Juri, indic\u00f3 que \u201ces digno de resaltar la constante participaci\u00f3n de los intendentes y sus equipos t\u00e9cnicos en estos encuentros trascendentales ya que, mediante el contacto directo con quienes tienen a su cargo esta responsabilidad, los resultados son mucho m\u00e1s efectivos y certeros, pensados y organizados\u201d.<\/p>\n\n\n\n<p>Por su lado, el vocal del TC Cr. Ricardo Rubio manifest\u00f3 su agradecimiento \u201ca los equipos de trabajo, t\u00e9cnicos, coordinadores e intendentes que desde los inicios de este ciclo de capacitaci\u00f3n acompa\u00f1an cada propuesta de aprendizaje, que ser\u00e1 volcado en sus comunidades de manera m\u00e1s eficaz y eficiente\u201d.<\/p>\n\n\n\n<p>Finalizado el acto de apertura, los equipos t\u00e9cnicos de las municipalidades presentes, junto a los profesionales del Tribunal de Cuentas, trabajaron en la capacitaci\u00f3n en el Sistema de Administraci\u00f3n y Rendici\u00f3n de Cuentas (SARC), aspectos contables, subsanaci\u00f3n de errores y dem\u00e1s tem\u00e1ticas para que la concreci\u00f3n de las rendiciones a subir se realice de manera correcta.<\/p>\n\n\n\n<p><\/p>\n\n\n\n<h2><a href=\"https:\/\/prensasantiago.com.ar\/2024\/09\/8-encuentro-federal-de-municipios-de-2da-y-3ra-categoria-en-quimili\/\" target=\"_blank\" rel=\"noreferrer noopener\">PRENSA SANTIAGO<\/a><\/h2>\n\n\n\n<div class=\"is-layout-flex wp-container-2 wp-block-columns\">\n<div class=\"is-layout-flow wp-block-column\" style=\"flex-basis:100%\">\n<figure class=\"wp-block-embed is-type-wp-embed is-provider-prensa-santiago wp-block-embed-prensa-santiago\"><div class=\"wp-block-embed__wrapper\">\n<blockquote class=\"wp-embedded-content\" data-secret=\"cxmQgePPOj\"><a href=\"https:\/\/prensasantiago.com.ar\/2024\/09\/8-encuentro-federal-de-municipios-de-2da-y-3ra-categoria-en-quimili\/\">VIDEO\/ 8\u00b0 Encuentro Federal de Municipios de 2da y 3ra Categor\u00eda en Quimil\u00ed<\/a><\/blockquote><iframe class=\"wp-embedded-content\" sandbox=\"allow-scripts\" security=\"restricted\" style=\"position: absolute; clip: rect(1px, 1px, 1px, 1px);\" title=\"\u00abVIDEO\/ 8\u00b0 Encuentro Federal de Municipios de 2da y 3ra Categor\u00eda en Quimil\u00ed\u00bb \u2014 PRENSA SANTIAGO\" src=\"https:\/\/prensasantiago.com.ar\/2024\/09\/8-encuentro-federal-de-municipios-de-2da-y-3ra-categoria-en-quimili\/embed\/#?secret=o1DBAY50T2#?secret=cxmQgePPOj\" data-secret=\"cxmQgePPOj\" width=\"600\" height=\"338\" frameborder=\"0\" marginwidth=\"0\" marginheight=\"0\" scrolling=\"no\"><\/iframe>\n<\/div><\/figure>\n<\/div>\n<\/div>\n\n\n\n<figure class=\"is-layout-flex wp-block-gallery-3 wp-block-gallery has-nested-images columns-default is-cropped\">\n<figure class=\"wp-block-image size-large\"><img decoding=\"async\" loading=\"lazy\" width=\"1024\" height=\"683\" data-id=\"1678\"  src=\"http:\/\/www.tcse.gob.ar\/wp-content\/uploads\/2024\/09\/foto3-1024x683.jpeg\" alt=\"\" class=\"wp-image-1678\" srcset=\"http:\/\/www.tcse.gob.ar\/wp-content\/uploads\/2024\/09\/foto3-1024x683.jpeg 1024w, http:\/\/www.tcse.gob.ar\/wp-content\/uploads\/2024\/09\/foto3-300x200.jpeg 300w, http:\/\/www.tcse.gob.ar\/wp-content\/uploads\/2024\/09\/foto3-768x512.jpeg 768w, http:\/\/www.tcse.gob.ar\/wp-content\/uploads\/2024\/09\/foto3-1536x1024.jpeg 1536w, http:\/\/www.tcse.gob.ar\/wp-content\/uploads\/2024\/09\/foto3.jpeg 1599w\" sizes=\"(max-width: 1024px) 100vw, 1024px\" \/><\/figure>\n\n\n\n<figure class=\"wp-block-image size-large\"><img decoding=\"async\" loading=\"lazy\" width=\"1024\" height=\"683\" data-id=\"1677\"  src=\"http:\/\/www.tcse.gob.ar\/wp-content\/uploads\/2024\/09\/foto1-1024x683.jpeg\" alt=\"\" class=\"wp-image-1677\" srcset=\"http:\/\/www.tcse.gob.ar\/wp-content\/uploads\/2024\/09\/foto1-1024x683.jpeg 1024w, http:\/\/www.tcse.gob.ar\/wp-content\/uploads\/2024\/09\/foto1-300x200.jpeg 300w, http:\/\/www.tcse.gob.ar\/wp-content\/uploads\/2024\/09\/foto1-768x512.jpeg 768w, http:\/\/www.tcse.gob.ar\/wp-content\/uploads\/2024\/09\/foto1.jpeg 1080w\" sizes=\"(max-width: 1024px) 100vw, 1024px\" \/><\/figure>\n\n\n\n<figure class=\"wp-block-image size-large\"><img decoding=\"async\" loading=\"lazy\" width=\"1024\" height=\"683\" data-id=\"1679\"  src=\"http:\/\/www.tcse.gob.ar\/wp-content\/uploads\/2024\/09\/foto2-1024x683.jpeg\" alt=\"\" class=\"wp-image-1679\" srcset=\"http:\/\/www.tcse.gob.ar\/wp-content\/uploads\/2024\/09\/foto2-1024x683.jpeg 1024w, http:\/\/www.tcse.gob.ar\/wp-content\/uploads\/2024\/09\/foto2-300x200.jpeg 300w, http:\/\/www.tcse.gob.ar\/wp-content\/uploads\/2024\/09\/foto2-768x512.jpeg 768w, http:\/\/www.tcse.gob.ar\/wp-content\/uploads\/2024\/09\/foto2.jpeg 1080w\" sizes=\"(max-width: 1024px) 100vw, 1024px\" \/><\/figure>\n<\/figure>\n","protected":false},"excerpt":{"rendered":"<p>Se llev\u00f3 a cabo en la Escuela de Artes y Oficios de la Ciudad de Quimil\u00ed el encuentro organizado por el Tribunal de Cuentas de la Provincia que congreg\u00f3 a doce intendentes municipales, en el marco del ciclo anual de capacitaciones denominado&nbsp;\u201cGobernanza Digital y Control para la Gesti\u00f3n Eficiente\u201d. El jefe comunal anfitri\u00f3n&nbsp;Dr. Diego Ponti, estuvo a cargo de la<\/p>\n","protected":false},"author":1,"featured_media":1680,"comment_status":"closed","ping_status":"open","sticky":false,"template":"","format":"standard","meta":[],"categories":[8],"tags":[2],"_links":{"self":[{"href":"http:\/\/www.tcse.gob.ar\/index.php\/wp-json\/wp\/v2\/posts\/1676"}],"collection":[{"href":"http:\/\/www.tcse.gob.ar\/index.php\/wp-json\/wp\/v2\/posts"}],"about":[{"href":"http:\/\/www.tcse.gob.ar\/index.php\/wp-json\/wp\/v2\/types\/post"}],"author":[{"embeddable":true,"href":"http:\/\/www.tcse.gob.ar\/index.php\/wp-json\/wp\/v2\/users\/1"}],"replies":[{"embeddable":true,"href":"http:\/\/www.tcse.gob.ar\/index.php\/wp-json\/wp\/v2\/comments?post=1676"}],"version-history":[{"count":8,"href":"http:\/\/www.tcse.gob.ar\/index.php\/wp-json\/wp\/v2\/posts\/1676\/revisions"}],"predecessor-version":[{"id":1699,"href":"http:\/\/www.tcse.gob.ar\/index.php\/wp-json\/wp\/v2\/posts\/1676\/revisions\/1699"}],"wp:featuredmedia":[{"embeddable":true,"href":"http:\/\/www.tcse.gob.ar\/index.php\/wp-json\/wp\/v2\/media\/1680"}],"wp:attachment":[{"href":"http:\/\/www.tcse.gob.ar\/index.php\/wp-json\/wp\/v2\/media?parent=1676"}],"wp:term":[{"taxonomy":"category","embeddable":true,"href":"http:\/\/www.tcse.gob.ar\/index.php\/wp-json\/wp\/v2\/categories?post=1676"},{"taxonomy":"post_tag","embeddable":true,"href":"http:\/\/www.tcse.gob.ar\/index.php\/wp-json\/wp\/v2\/tags?post=1676"}],"curies":[{"name":"wp","href":"https:\/\/api.w.org\/{rel}","templated":true}]}}