{"id":2026,"date":"2024-12-09T08:40:52","date_gmt":"2024-12-09T11:40:52","guid":{"rendered":"http:\/\/www.tcse.gob.ar\/?p=2026"},"modified":"2024-12-09T09:57:22","modified_gmt":"2024-12-09T12:57:22","slug":"tdec-9no-encuentro-federal-de-municipios-de-2-y-3-categoria-en-los-telares","status":"publish","type":"post","link":"http:\/\/www.tcse.gob.ar\/index.php\/novedades\/tdec-9no-encuentro-federal-de-municipios-de-2-y-3-categoria-en-los-telares\/","title":{"rendered":"TDEC &#8211; 9no. encuentro Federal de Municipios de 2 y 3 categoria en LOS TELARES"},"content":{"rendered":"\n<p>Se realiz\u00f3  el <strong>9\u00b0 Encuentro Federal de Intendentes de 2\u00aa y 3\u00aa categor\u00edas en Los Telare<\/strong>s, bajo el Lema &#8220;<strong>Gobernanza Digital y Control para la Gesti\u00f3n Eficiente&#8221;<\/strong>. La jornada estuvo encabezada por la Intendente local, <strong>Nora Rold\u00e1n<\/strong>, junto al <strong>presidente del Tribunal de Cuentas de la Provincia, Dr. Mart\u00edn D\u00edaz Ach\u00e1val y el vicepresidente del organismo, CPN Alfredo Juri<\/strong>.<\/p>\n\n\n\n<p>Estuvieron presentes los intendentes de Villa Ojo de Agua, M\u00f3nica Bustamante; Bandera, Jairo Colaneri; Colonia Dora, Williams Che\u00edn; Fern\u00e1ndez, V\u00edctor Araujo; Loreto, Ram\u00f3n Gonz\u00e1lez; Los Jur\u00edes, Javier Carbajal; Monte Quemado, Felipe Cisneros; Nueva Esperanza, Alberto Cazazola; Pinto, Jorge Leguizam\u00f3n; Pozo Hondo, Alejandro Albornoz; Quimil\u00ed, Diego Ponti; Sumampa, Fernando Bernasconi, y Tintina, Mario Cantoni junto a sus equipos t\u00e9cnicos.<\/p>\n\n\n\n<p>Se brind\u00f3 un espacio de capacitaci\u00f3n de fondos nacionales sobre convenios, informes y rendiciones y participaron el representante del Tribunal de Cuentas de la provincia ante la Red Federal de Control P\u00fablico.<\/p>\n\n\n\n<p>El presidente del Tribunal de Cuentas de la provincia, Dr. Mart\u00edn D\u00edaz Achaval, tuvo palabras de agradecimiento para la Intendente de la ciudad de Los Telares, Profesora Nora Rold\u00e1n, que ofici\u00f3 de anfitriona del encuentro celebrado en el remodelado palacio municipal.<\/p>\n\n\n\n<p>Se\u00f1al\u00f3 que fue un \u00e9xito el encuentro que cont\u00f3 con la presencia de intendentes de casi toda la provincia, que se encuentran en la \u00f3rbita del \u00f3rgano de contralor externo.<\/p>\n\n\n\n<p>En la oportunidad, tambi\u00e9n particip\u00f3 de la reuni\u00f3n el Dr. Gabriel Linari, funcionario de la Secretar\u00eda del Agua, en representaci\u00f3n del ministro de Obras P\u00fablicas de la provincia, as\u00ed como funcionarios del Tribunal de Cuentas del \u00e1rea de Gobiernos Locales y de la representaci\u00f3n t\u00e9cnica ante la Red Federal de Control P\u00fablico.<\/p>\n\n\n\n<p>La novedad, que fue considerada en este 9\u00b0 Encuentro federal de intendentes, se dio en el marco de que muchas comunas est\u00e1n recibido invitaciones para que se hagan cargo de las obras p\u00fablicas que el Gobierno Nacional decidi\u00f3 dejar de financiar. \u00abAnte esta situaci\u00f3n, consideramos capacitar sobre los mecanismos de control que el Tribunal de Cuentas realiz\u00f3 y realiza conjuntamente con la SIGEN, respecto a esas obras, as\u00ed como la postura del Ministerio de Obras P\u00fablicas de la provincia al respecto\u00bb.<\/p>\n\n\n\n<p>El Dr. D\u00edaz Achaval expreso que \u00abhemos servido de intermediarios para esta situaci\u00f3n a contemplar en cada comuna porque, obviamente, las finanzas de las mismas van a verse alteradas ya que eran obras que ten\u00edan un convenio con la Naci\u00f3n, y que la misma decidi\u00f3 retirarse unilateralmente y dejar sin financiamiento las iniciativas\u00bb.<br>Indic\u00f3 que \u00abm\u00e1s all\u00e1 del an\u00e1lisis o no de esa situaci\u00f3n, que no le corresponde hacer al Tribunal de Cuentas, la realidad en esa, y fueron algunos intendentes los que nos informaron la novedad, llevando la misma a la cartera de Obras P\u00fablicas, en la persona del Ministro Arq. Aldo Hid, quien comision\u00f3 al Dr. Linari para que exponga en su representaci\u00f3n\u00bb.<\/p>\n\n\n\n<p>Indic\u00f3 que \u00abson situaciones puntuales que est\u00e1n bajo an\u00e1lisis de los gobernantes, y el Tribunal de Cuentas est\u00e1 aportando el espacio para poder conversar de estos temas, y para poner en manos de los intendentes las mejores herramientas a nuestro alcance para resolver qu\u00e9 hacer de cara a la gesti\u00f3n que tienen que llevar adelante\u00bb.<\/p>\n\n\n\n<p>Concluy\u00f3 se\u00f1alando que \u00aben definitiva, lo cierto es que tienen que tomar una decisi\u00f3n: verificar si tienen fondos para dar continuidad con las obras ante la decisi\u00f3n de no enviar m\u00e1s fondos tomada por el Gobierno Nacional, y, de no ser posible, transmitirle a su comunidad la decisi\u00f3n que se tome y los motivos de la misma. El principio b\u00e1sico de la transparencia y las buenas pr\u00e1cticas\u00bb.<\/p>\n\n\n\n<p><\/p>\n\n\n\n<p><strong>Publicaciones<\/strong><\/p>\n\n\n\n<p>h<a rel=\"noreferrer noopener\" href=\"\/\/prensasantiago.com.ar\/2024\/12\/09\/se-realizo-con-exito-el-9-encuentro-federal-de-intendentes-de-2a-y-3a-categorias-en-los-telares\/\" target=\"_blank\">ttps:\/\/prensasantiago.com.ar\/2024\/12\/09\/se-realizo-con-exito-el-9-encuentro-federal-de-intendentes-de-2a-y-3a-categorias-en-los-telares\/<\/a><br><br><a rel=\"noreferrer noopener\" href=\"https:\/\/www.elliberal.com.ar\/nota\/36378\/2024\/12\/en-los-telares-se-desarrollo-el-9-encuentro-federal-de-intendentes\" target=\"_blank\">https:\/\/www.elliberal.com.ar\/nota\/36378\/2024\/12\/en-los-telares-se-desarrollo-el-9-encuentro-federal-de-intendentes<\/a><\/p>\n\n\n\n<figure class=\"is-layout-flex wp-block-gallery-1 wp-block-gallery has-nested-images columns-default is-cropped\">\n<figure class=\"wp-block-image size-large\"><img decoding=\"async\" loading=\"lazy\" width=\"1024\" height=\"768\" data-id=\"2029\"  src=\"http:\/\/www.tcse.gob.ar\/wp-content\/uploads\/2024\/12\/469247919_122114231360596179_6985140636721403141_n-1024x768.jpg\" alt=\"\" class=\"wp-image-2029\" srcset=\"http:\/\/www.tcse.gob.ar\/wp-content\/uploads\/2024\/12\/469247919_122114231360596179_6985140636721403141_n-1024x768.jpg 1024w, http:\/\/www.tcse.gob.ar\/wp-content\/uploads\/2024\/12\/469247919_122114231360596179_6985140636721403141_n-300x225.jpg 300w, http:\/\/www.tcse.gob.ar\/wp-content\/uploads\/2024\/12\/469247919_122114231360596179_6985140636721403141_n-768x576.jpg 768w, http:\/\/www.tcse.gob.ar\/wp-content\/uploads\/2024\/12\/469247919_122114231360596179_6985140636721403141_n.jpg 1440w\" sizes=\"(max-width: 1024px) 100vw, 1024px\" \/><\/figure>\n\n\n\n<figure class=\"wp-block-image size-large\"><img decoding=\"async\" loading=\"lazy\" width=\"1024\" height=\"768\" data-id=\"2034\"  src=\"http:\/\/www.tcse.gob.ar\/wp-content\/uploads\/2024\/12\/469282465_122114231282596179_6480715910879241039_n-1024x768.jpg\" alt=\"\" class=\"wp-image-2034\" srcset=\"http:\/\/www.tcse.gob.ar\/wp-content\/uploads\/2024\/12\/469282465_122114231282596179_6480715910879241039_n-1024x768.jpg 1024w, http:\/\/www.tcse.gob.ar\/wp-content\/uploads\/2024\/12\/469282465_122114231282596179_6480715910879241039_n-300x225.jpg 300w, http:\/\/www.tcse.gob.ar\/wp-content\/uploads\/2024\/12\/469282465_122114231282596179_6480715910879241039_n-768x576.jpg 768w, http:\/\/www.tcse.gob.ar\/wp-content\/uploads\/2024\/12\/469282465_122114231282596179_6480715910879241039_n.jpg 1440w\" sizes=\"(max-width: 1024px) 100vw, 1024px\" \/><\/figure>\n\n\n\n<figure class=\"wp-block-image size-large\"><img decoding=\"async\" loading=\"lazy\" width=\"1024\" height=\"768\" data-id=\"2033\"  src=\"http:\/\/www.tcse.gob.ar\/wp-content\/uploads\/2024\/12\/469286796_122114231342596179_6068991499916674019_n-1024x768.jpg\" alt=\"\" class=\"wp-image-2033\" srcset=\"http:\/\/www.tcse.gob.ar\/wp-content\/uploads\/2024\/12\/469286796_122114231342596179_6068991499916674019_n-1024x768.jpg 1024w, http:\/\/www.tcse.gob.ar\/wp-content\/uploads\/2024\/12\/469286796_122114231342596179_6068991499916674019_n-300x225.jpg 300w, http:\/\/www.tcse.gob.ar\/wp-content\/uploads\/2024\/12\/469286796_122114231342596179_6068991499916674019_n-768x576.jpg 768w, http:\/\/www.tcse.gob.ar\/wp-content\/uploads\/2024\/12\/469286796_122114231342596179_6068991499916674019_n.jpg 1440w\" sizes=\"(max-width: 1024px) 100vw, 1024px\" \/><\/figure>\n\n\n\n<figure class=\"wp-block-image size-large\"><img decoding=\"async\" loading=\"lazy\" width=\"1024\" height=\"768\" data-id=\"2031\"  src=\"http:\/\/www.tcse.gob.ar\/wp-content\/uploads\/2024\/12\/469293974_122114231390596179_7771303076633468926_n-1024x768.jpg\" alt=\"\" class=\"wp-image-2031\" srcset=\"http:\/\/www.tcse.gob.ar\/wp-content\/uploads\/2024\/12\/469293974_122114231390596179_7771303076633468926_n-1024x768.jpg 1024w, http:\/\/www.tcse.gob.ar\/wp-content\/uploads\/2024\/12\/469293974_122114231390596179_7771303076633468926_n-300x225.jpg 300w, http:\/\/www.tcse.gob.ar\/wp-content\/uploads\/2024\/12\/469293974_122114231390596179_7771303076633468926_n-768x576.jpg 768w, http:\/\/www.tcse.gob.ar\/wp-content\/uploads\/2024\/12\/469293974_122114231390596179_7771303076633468926_n.jpg 1440w\" sizes=\"(max-width: 1024px) 100vw, 1024px\" \/><\/figure>\n\n\n\n<figure class=\"wp-block-image size-large\"><img decoding=\"async\" loading=\"lazy\" width=\"1024\" height=\"768\" data-id=\"2032\"  src=\"http:\/\/www.tcse.gob.ar\/wp-content\/uploads\/2024\/12\/469369286_122114231354596179_1563055117883848073_n-1024x768.jpg\" alt=\"\" class=\"wp-image-2032\" srcset=\"http:\/\/www.tcse.gob.ar\/wp-content\/uploads\/2024\/12\/469369286_122114231354596179_1563055117883848073_n-1024x768.jpg 1024w, http:\/\/www.tcse.gob.ar\/wp-content\/uploads\/2024\/12\/469369286_122114231354596179_1563055117883848073_n-300x225.jpg 300w, http:\/\/www.tcse.gob.ar\/wp-content\/uploads\/2024\/12\/469369286_122114231354596179_1563055117883848073_n-768x576.jpg 768w, http:\/\/www.tcse.gob.ar\/wp-content\/uploads\/2024\/12\/469369286_122114231354596179_1563055117883848073_n.jpg 1440w\" sizes=\"(max-width: 1024px) 100vw, 1024px\" \/><\/figure>\n\n\n\n<figure class=\"wp-block-image size-large\"><img decoding=\"async\" loading=\"lazy\" width=\"1024\" height=\"768\" data-id=\"2030\"  src=\"http:\/\/www.tcse.gob.ar\/wp-content\/uploads\/2024\/12\/469370692_122114231306596179_8792490889689732740_n-1-1024x768.jpg\" alt=\"\" class=\"wp-image-2030\" srcset=\"http:\/\/www.tcse.gob.ar\/wp-content\/uploads\/2024\/12\/469370692_122114231306596179_8792490889689732740_n-1-1024x768.jpg 1024w, http:\/\/www.tcse.gob.ar\/wp-content\/uploads\/2024\/12\/469370692_122114231306596179_8792490889689732740_n-1-300x225.jpg 300w, http:\/\/www.tcse.gob.ar\/wp-content\/uploads\/2024\/12\/469370692_122114231306596179_8792490889689732740_n-1-768x576.jpg 768w, http:\/\/www.tcse.gob.ar\/wp-content\/uploads\/2024\/12\/469370692_122114231306596179_8792490889689732740_n-1.jpg 1440w\" sizes=\"(max-width: 1024px) 100vw, 1024px\" \/><\/figure>\n\n\n\n<figure class=\"wp-block-image size-large\"><img decoding=\"async\" loading=\"lazy\" width=\"1024\" height=\"768\" data-id=\"2035\"  src=\"http:\/\/www.tcse.gob.ar\/wp-content\/uploads\/2024\/12\/469426702_122114231384596179_5072953959162089014_n-1024x768.jpg\" alt=\"\" class=\"wp-image-2035\" srcset=\"http:\/\/www.tcse.gob.ar\/wp-content\/uploads\/2024\/12\/469426702_122114231384596179_5072953959162089014_n-1024x768.jpg 1024w, http:\/\/www.tcse.gob.ar\/wp-content\/uploads\/2024\/12\/469426702_122114231384596179_5072953959162089014_n-300x225.jpg 300w, http:\/\/www.tcse.gob.ar\/wp-content\/uploads\/2024\/12\/469426702_122114231384596179_5072953959162089014_n-768x576.jpg 768w, http:\/\/www.tcse.gob.ar\/wp-content\/uploads\/2024\/12\/469426702_122114231384596179_5072953959162089014_n.jpg 1440w\" sizes=\"(max-width: 1024px) 100vw, 1024px\" \/><\/figure>\n<\/figure>\n","protected":false},"excerpt":{"rendered":"<p>Se realiz\u00f3 el 9\u00b0 Encuentro Federal de Intendentes de 2\u00aa y 3\u00aa categor\u00edas en Los Telares, bajo el Lema &#8220;Gobernanza Digital y Control para la Gesti\u00f3n Eficiente&#8221;. La jornada estuvo encabezada por la Intendente local, Nora Rold\u00e1n, junto al presidente del Tribunal de Cuentas de la Provincia, Dr. Mart\u00edn D\u00edaz Ach\u00e1val y el vicepresidente del organismo, CPN Alfredo Juri. Estuvieron<\/p>\n","protected":false},"author":1,"featured_media":2028,"comment_status":"closed","ping_status":"open","sticky":false,"template":"","format":"standard","meta":[],"categories":[8],"tags":[2],"_links":{"self":[{"href":"http:\/\/www.tcse.gob.ar\/index.php\/wp-json\/wp\/v2\/posts\/2026"}],"collection":[{"href":"http:\/\/www.tcse.gob.ar\/index.php\/wp-json\/wp\/v2\/posts"}],"about":[{"href":"http:\/\/www.tcse.gob.ar\/index.php\/wp-json\/wp\/v2\/types\/post"}],"author":[{"embeddable":true,"href":"http:\/\/www.tcse.gob.ar\/index.php\/wp-json\/wp\/v2\/users\/1"}],"replies":[{"embeddable":true,"href":"http:\/\/www.tcse.gob.ar\/index.php\/wp-json\/wp\/v2\/comments?post=2026"}],"version-history":[{"count":4,"href":"http:\/\/www.tcse.gob.ar\/index.php\/wp-json\/wp\/v2\/posts\/2026\/revisions"}],"predecessor-version":[{"id":2043,"href":"http:\/\/www.tcse.gob.ar\/index.php\/wp-json\/wp\/v2\/posts\/2026\/revisions\/2043"}],"wp:featuredmedia":[{"embeddable":true,"href":"http:\/\/www.tcse.gob.ar\/index.php\/wp-json\/wp\/v2\/media\/2028"}],"wp:attachment":[{"href":"http:\/\/www.tcse.gob.ar\/index.php\/wp-json\/wp\/v2\/media?parent=2026"}],"wp:term":[{"taxonomy":"category","embeddable":true,"href":"http:\/\/www.tcse.gob.ar\/index.php\/wp-json\/wp\/v2\/categories?post=2026"},{"taxonomy":"post_tag","embeddable":true,"href":"http:\/\/www.tcse.gob.ar\/index.php\/wp-json\/wp\/v2\/tags?post=2026"}],"curies":[{"name":"wp","href":"https:\/\/api.w.org\/{rel}","templated":true}]}}