{"id":2096,"date":"2025-05-19T08:39:48","date_gmt":"2025-05-19T11:39:48","guid":{"rendered":"http:\/\/www.tcse.gob.ar\/?p=2096"},"modified":"2025-05-19T09:19:25","modified_gmt":"2025-05-19T12:19:25","slug":"11-encuentro-federal-de-intendentes-de-municipios-de-2a-y-3a-categoria","status":"publish","type":"post","link":"http:\/\/www.tcse.gob.ar\/index.php\/novedades\/11-encuentro-federal-de-intendentes-de-municipios-de-2a-y-3a-categoria\/","title":{"rendered":"11\u00b0 Encuentro Federal de Intendentes de municipios de 2\u00aa y 3\u00aa categor\u00eda"},"content":{"rendered":"\n<p>&nbsp;Se desarroll\u00f3 en la ciudad de&nbsp;<strong>Fern\u00e1ndez<\/strong>&nbsp;el&nbsp;<strong>11\u00b0 Encuentro Federal de Intendentes<\/strong>&nbsp;de municipios de segunda y tercera categor\u00eda de Santiago del Estero, una iniciativa promovida por el&nbsp;<strong>Tribunal de Cuentas de la provincia<\/strong>&nbsp;que busca federalizar la gesti\u00f3n p\u00fablica y brindar herramientas t\u00e9cnicas a los gobiernos locales. La sede del encuentro fue el recinto del&nbsp;<strong>Concejo Deliberante<\/strong>&nbsp;fernandense.<\/p>\n\n\n\n<p>El evento cont\u00f3 con la presencia del presidente del Tribunal de Cuentas,&nbsp;<strong>Dr. Lionel Enrique Su\u00e1rez<\/strong>, y los vocales&nbsp;<strong>Dr. Ra\u00fal Leoni Beltr\u00e1n<\/strong>,&nbsp;<strong>Cra. Marisa P\u00e9rez Nazar<\/strong>&nbsp;y&nbsp;<strong>Cra. Claudia Andrea del Valle Lucio Falcione<\/strong>, quienes estuvieron acompa\u00f1ados por el&nbsp;<strong>Dr. Mart\u00edn D\u00edaz Achaval<\/strong>&nbsp;y el&nbsp;<strong>Cr. Alfredo Juri<\/strong>, miembros del organismo con mandato cumplido.<\/p>\n\n\n\n<p>Participaron del encuentro los intendentes de&nbsp;<strong>Fern\u00e1ndez<\/strong>, Dr. V\u00edctor Araujo (anfitri\u00f3n);&nbsp;<strong>Loreto<\/strong>, profesor Ram\u00f3n Gonz\u00e1lez;&nbsp;<strong>Pampa de los Guanacos<\/strong>, Mar\u00eda Ferreyra;&nbsp;<strong>Los Telares<\/strong>, Nora Rold\u00e1n;&nbsp;<strong>Monte Quemado<\/strong>, Ing. Felipe Cisneros;&nbsp;<strong>Pinto<\/strong>, Jorge Leguizam\u00f3n;&nbsp;<strong>Sumampa<\/strong>, Cr. Fernando Bernasconi;&nbsp;<strong>Los Jur\u00edes<\/strong>, Javier Carbajal;&nbsp;<strong>Nueva Esperanza<\/strong>, Alberto Cazazola;&nbsp;<strong>Bandera<\/strong>, Jairo Colaneri;&nbsp;<strong>Villa Atamisqui<\/strong>, Roberto Brand\u00e1n;&nbsp;<strong>Selva<\/strong>, Med. Vet. Enrique Bertolino;&nbsp;<strong>Quimil\u00ed<\/strong>, Dr. Diego Ponti; y&nbsp;<strong>Colonia Dora<\/strong>, Williams Chein. Tambi\u00e9n estuvieron representadas las comunas de&nbsp;<strong>Ojo de Agua<\/strong>,&nbsp;<strong>San Pedro de Guasay\u00e1n<\/strong>&nbsp;y&nbsp;<strong>Forres<\/strong>, junto a sus equipos t\u00e9cnicos.<\/p>\n\n\n\n<p>En su discurso de apertura, el intendente Araujo destac\u00f3: \u201cEs muy grato para nosotros hoy recibirlos, ser anfitriones en este 11\u00b0 encuentro de intendentes. Esta iniciativa logr\u00f3 federalizar y visibilizar el interior de nuestra provincia, brindando herramientas que facilitan la gesti\u00f3n tanto de los jefes comunales como de sus equipos t\u00e9cnicos\u201d.<\/p>\n\n\n\n<p>Por su parte, el&nbsp;<strong>Cr. Alfredo Juri<\/strong>, vocal con mandato cumplido, salud\u00f3 a los presentes y puso en valor el acompa\u00f1amiento t\u00e9cnico que el Tribunal ha brindado a lo largo de los a\u00f1os. \u201cEste trabajo conjunto con los municipios permiti\u00f3 avanzar en objetivos institucionales y construir una gobernanza m\u00e1s eficiente\u201d, expres\u00f3.<\/p>\n\n\n\n<p>A su turno, el&nbsp;<strong>Dr. Mart\u00edn D\u00edaz Achaval<\/strong>&nbsp;realiz\u00f3 una rese\u00f1a de la implementaci\u00f3n del programa de&nbsp;<strong>Gobernanza Digital<\/strong>, que comenz\u00f3 en plena pandemia con la adhesi\u00f3n del municipio de Fern\u00e1ndez en 2020. Se\u00f1al\u00f3 que, a partir de all\u00ed, se desarrollaron herramientas de comunicaci\u00f3n electr\u00f3nica que sentaron las bases del sistema&nbsp;<strong>SARC 1.0<\/strong>.<\/p>\n\n\n\n<p>D\u00edaz Achaval tambi\u00e9n remarc\u00f3 la importancia de la&nbsp;<strong>transici\u00f3n ordenada<\/strong>&nbsp;de autoridades municipales en 2022: \u201cViajamos por toda la provincia para acompa\u00f1ar los cambios institucionales y garantizar la continuidad democr\u00e1tica\u201d. Y cerr\u00f3 su intervenci\u00f3n destacando que \u201cestos programas p\u00fablicos trascienden a las personas y se sostienen con la convicci\u00f3n de fortalecer la institucionalidad\u201d.<\/p>\n\n\n\n<p>En el cierre de las alocuciones, el presidente actual del Tribunal de Cuentas,&nbsp;<strong>Dr. Lionel Su\u00e1rez<\/strong>, enfatiz\u00f3 el compromiso del organismo con la transparencia y el fortalecimiento de la administraci\u00f3n p\u00fablica local: \u201cVenimos a ofrecerles la colaboraci\u00f3n t\u00e9cnica para que la gesti\u00f3n de los fondos p\u00fablicos sea la mejor posible, con un control transparente y cercano\u201d.<\/p>\n\n\n\n<p>Asimismo, anunci\u00f3 que continuar\u00e1n las&nbsp;<strong>capacitaciones destinadas a municipios y comisiones municipales<\/strong>, en el marco del proceso de&nbsp;<strong>digitalizaci\u00f3n de tr\u00e1mites administrativos<\/strong>&nbsp;y di\u00e1logo constante con los gobiernos locales.<\/p>\n\n\n\n<p>La jornada concluy\u00f3 con un mensaje de unidad institucional y compromiso con la democracia: \u201cLa confraternidad entre los intendentes es una base s\u00f3lida para consolidar nuestras instituciones\u201d, subray\u00f3 Su\u00e1rez<\/p>\n\n\n\n<figure class=\"is-layout-flex wp-block-gallery-1 wp-block-gallery has-nested-images columns-default is-cropped\">\n<figure class=\"wp-block-image size-large\"><img decoding=\"async\" loading=\"lazy\" width=\"1024\" height=\"682\" data-id=\"2098\"  src=\"http:\/\/www.tcse.gob.ar\/wp-content\/uploads\/2025\/05\/TCP-Fernandez-23-1024x682.jpg\" alt=\"\" class=\"wp-image-2098\" srcset=\"http:\/\/www.tcse.gob.ar\/wp-content\/uploads\/2025\/05\/TCP-Fernandez-23-1024x682.jpg 1024w, http:\/\/www.tcse.gob.ar\/wp-content\/uploads\/2025\/05\/TCP-Fernandez-23-300x200.jpg 300w, http:\/\/www.tcse.gob.ar\/wp-content\/uploads\/2025\/05\/TCP-Fernandez-23-768x512.jpg 768w, http:\/\/www.tcse.gob.ar\/wp-content\/uploads\/2025\/05\/TCP-Fernandez-23.jpg 1379w\" sizes=\"(max-width: 1024px) 100vw, 1024px\" \/><\/figure>\n\n\n\n<figure class=\"wp-block-image size-large\"><img decoding=\"async\" loading=\"lazy\" width=\"1024\" height=\"576\" data-id=\"2103\"  src=\"http:\/\/www.tcse.gob.ar\/wp-content\/uploads\/2025\/05\/TCP-Fernandez-29-1024x576.jpg\" alt=\"\" class=\"wp-image-2103\" srcset=\"http:\/\/www.tcse.gob.ar\/wp-content\/uploads\/2025\/05\/TCP-Fernandez-29-1024x576.jpg 1024w, http:\/\/www.tcse.gob.ar\/wp-content\/uploads\/2025\/05\/TCP-Fernandez-29-300x169.jpg 300w, http:\/\/www.tcse.gob.ar\/wp-content\/uploads\/2025\/05\/TCP-Fernandez-29-768x432.jpg 768w, http:\/\/www.tcse.gob.ar\/wp-content\/uploads\/2025\/05\/TCP-Fernandez-29-1536x864.jpg 1536w, http:\/\/www.tcse.gob.ar\/wp-content\/uploads\/2025\/05\/TCP-Fernandez-29.jpg 1634w\" sizes=\"(max-width: 1024px) 100vw, 1024px\" \/><\/figure>\n\n\n\n<figure class=\"wp-block-image size-large\"><img decoding=\"async\" loading=\"lazy\" width=\"1024\" height=\"682\" data-id=\"2102\"  src=\"http:\/\/www.tcse.gob.ar\/wp-content\/uploads\/2025\/05\/TCP-Fernandez-32-1024x682.jpg\" alt=\"\" class=\"wp-image-2102\" srcset=\"http:\/\/www.tcse.gob.ar\/wp-content\/uploads\/2025\/05\/TCP-Fernandez-32-1024x682.jpg 1024w, http:\/\/www.tcse.gob.ar\/wp-content\/uploads\/2025\/05\/TCP-Fernandez-32-300x200.jpg 300w, http:\/\/www.tcse.gob.ar\/wp-content\/uploads\/2025\/05\/TCP-Fernandez-32-768x512.jpg 768w, http:\/\/www.tcse.gob.ar\/wp-content\/uploads\/2025\/05\/TCP-Fernandez-32.jpg 1379w\" sizes=\"(max-width: 1024px) 100vw, 1024px\" \/><\/figure>\n\n\n\n<figure class=\"wp-block-image size-large\"><img decoding=\"async\" loading=\"lazy\" width=\"1024\" height=\"682\" data-id=\"2100\"  src=\"http:\/\/www.tcse.gob.ar\/wp-content\/uploads\/2025\/05\/TCP-Fernandez-35-1024x682.jpg\" alt=\"\" class=\"wp-image-2100\" srcset=\"http:\/\/www.tcse.gob.ar\/wp-content\/uploads\/2025\/05\/TCP-Fernandez-35-1024x682.jpg 1024w, http:\/\/www.tcse.gob.ar\/wp-content\/uploads\/2025\/05\/TCP-Fernandez-35-300x200.jpg 300w, http:\/\/www.tcse.gob.ar\/wp-content\/uploads\/2025\/05\/TCP-Fernandez-35-768x512.jpg 768w, http:\/\/www.tcse.gob.ar\/wp-content\/uploads\/2025\/05\/TCP-Fernandez-35.jpg 1379w\" sizes=\"(max-width: 1024px) 100vw, 1024px\" \/><\/figure>\n\n\n\n<figure class=\"wp-block-image size-large\"><img decoding=\"async\" loading=\"lazy\" width=\"1024\" height=\"682\" data-id=\"2099\"  src=\"http:\/\/www.tcse.gob.ar\/wp-content\/uploads\/2025\/05\/TCP-Fernandez-36-1024x682.jpg\" alt=\"\" class=\"wp-image-2099\" srcset=\"http:\/\/www.tcse.gob.ar\/wp-content\/uploads\/2025\/05\/TCP-Fernandez-36-1024x682.jpg 1024w, http:\/\/www.tcse.gob.ar\/wp-content\/uploads\/2025\/05\/TCP-Fernandez-36-300x200.jpg 300w, http:\/\/www.tcse.gob.ar\/wp-content\/uploads\/2025\/05\/TCP-Fernandez-36-768x512.jpg 768w, http:\/\/www.tcse.gob.ar\/wp-content\/uploads\/2025\/05\/TCP-Fernandez-36.jpg 1379w\" sizes=\"(max-width: 1024px) 100vw, 1024px\" \/><\/figure>\n\n\n\n<figure class=\"wp-block-image size-large\"><img decoding=\"async\" loading=\"lazy\" width=\"1024\" height=\"682\" data-id=\"2104\"  src=\"http:\/\/www.tcse.gob.ar\/wp-content\/uploads\/2025\/05\/TCP-Fernandez-37-1024x682.jpg\" alt=\"\" class=\"wp-image-2104\" srcset=\"http:\/\/www.tcse.gob.ar\/wp-content\/uploads\/2025\/05\/TCP-Fernandez-37-1024x682.jpg 1024w, http:\/\/www.tcse.gob.ar\/wp-content\/uploads\/2025\/05\/TCP-Fernandez-37-300x200.jpg 300w, http:\/\/www.tcse.gob.ar\/wp-content\/uploads\/2025\/05\/TCP-Fernandez-37-768x512.jpg 768w, http:\/\/www.tcse.gob.ar\/wp-content\/uploads\/2025\/05\/TCP-Fernandez-37.jpg 1379w\" sizes=\"(max-width: 1024px) 100vw, 1024px\" \/><\/figure>\n\n\n\n<figure class=\"wp-block-image size-large\"><img decoding=\"async\" loading=\"lazy\" width=\"1024\" height=\"682\" data-id=\"2101\"  src=\"http:\/\/www.tcse.gob.ar\/wp-content\/uploads\/2025\/05\/TCP-Fernandez-38-1024x682.jpg\" alt=\"\" class=\"wp-image-2101\" srcset=\"http:\/\/www.tcse.gob.ar\/wp-content\/uploads\/2025\/05\/TCP-Fernandez-38-1024x682.jpg 1024w, http:\/\/www.tcse.gob.ar\/wp-content\/uploads\/2025\/05\/TCP-Fernandez-38-300x200.jpg 300w, http:\/\/www.tcse.gob.ar\/wp-content\/uploads\/2025\/05\/TCP-Fernandez-38-768x512.jpg 768w, http:\/\/www.tcse.gob.ar\/wp-content\/uploads\/2025\/05\/TCP-Fernandez-38.jpg 1379w\" sizes=\"(max-width: 1024px) 100vw, 1024px\" \/><\/figure>\n\n\n\n<figure class=\"wp-block-image size-large\"><img decoding=\"async\" loading=\"lazy\" width=\"1024\" height=\"682\" data-id=\"2106\"  src=\"http:\/\/www.tcse.gob.ar\/wp-content\/uploads\/2025\/05\/TCP-Fernandez-40-1024x682.jpg\" alt=\"\" class=\"wp-image-2106\" srcset=\"http:\/\/www.tcse.gob.ar\/wp-content\/uploads\/2025\/05\/TCP-Fernandez-40-1024x682.jpg 1024w, http:\/\/www.tcse.gob.ar\/wp-content\/uploads\/2025\/05\/TCP-Fernandez-40-300x200.jpg 300w, http:\/\/www.tcse.gob.ar\/wp-content\/uploads\/2025\/05\/TCP-Fernandez-40-768x512.jpg 768w, http:\/\/www.tcse.gob.ar\/wp-content\/uploads\/2025\/05\/TCP-Fernandez-40.jpg 1379w\" sizes=\"(max-width: 1024px) 100vw, 1024px\" \/><\/figure>\n\n\n\n<figure class=\"wp-block-image size-large\"><img decoding=\"async\" loading=\"lazy\" width=\"1024\" height=\"682\" data-id=\"2108\"  src=\"http:\/\/www.tcse.gob.ar\/wp-content\/uploads\/2025\/05\/TCP-Fernandez-41-1024x682.jpg\" alt=\"\" class=\"wp-image-2108\" srcset=\"http:\/\/www.tcse.gob.ar\/wp-content\/uploads\/2025\/05\/TCP-Fernandez-41-1024x682.jpg 1024w, http:\/\/www.tcse.gob.ar\/wp-content\/uploads\/2025\/05\/TCP-Fernandez-41-300x200.jpg 300w, http:\/\/www.tcse.gob.ar\/wp-content\/uploads\/2025\/05\/TCP-Fernandez-41-768x512.jpg 768w, http:\/\/www.tcse.gob.ar\/wp-content\/uploads\/2025\/05\/TCP-Fernandez-41.jpg 1379w\" sizes=\"(max-width: 1024px) 100vw, 1024px\" \/><\/figure>\n\n\n\n<figure class=\"wp-block-image size-large\"><img decoding=\"async\" loading=\"lazy\" width=\"1024\" height=\"682\" data-id=\"2105\"  src=\"http:\/\/www.tcse.gob.ar\/wp-content\/uploads\/2025\/05\/TCP-Fernandez-42-1024x682.jpg\" alt=\"\" class=\"wp-image-2105\" srcset=\"http:\/\/www.tcse.gob.ar\/wp-content\/uploads\/2025\/05\/TCP-Fernandez-42-1024x682.jpg 1024w, http:\/\/www.tcse.gob.ar\/wp-content\/uploads\/2025\/05\/TCP-Fernandez-42-300x200.jpg 300w, http:\/\/www.tcse.gob.ar\/wp-content\/uploads\/2025\/05\/TCP-Fernandez-42-768x512.jpg 768w, http:\/\/www.tcse.gob.ar\/wp-content\/uploads\/2025\/05\/TCP-Fernandez-42.jpg 1379w\" sizes=\"(max-width: 1024px) 100vw, 1024px\" \/><\/figure>\n\n\n\n<figure class=\"wp-block-image size-large\"><img decoding=\"async\" loading=\"lazy\" width=\"1024\" height=\"682\" data-id=\"2112\"  src=\"http:\/\/www.tcse.gob.ar\/wp-content\/uploads\/2025\/05\/TCP-Fernandez-43-1024x682.jpg\" alt=\"\" class=\"wp-image-2112\" srcset=\"http:\/\/www.tcse.gob.ar\/wp-content\/uploads\/2025\/05\/TCP-Fernandez-43-1024x682.jpg 1024w, http:\/\/www.tcse.gob.ar\/wp-content\/uploads\/2025\/05\/TCP-Fernandez-43-300x200.jpg 300w, http:\/\/www.tcse.gob.ar\/wp-content\/uploads\/2025\/05\/TCP-Fernandez-43-768x512.jpg 768w, http:\/\/www.tcse.gob.ar\/wp-content\/uploads\/2025\/05\/TCP-Fernandez-43.jpg 1379w\" sizes=\"(max-width: 1024px) 100vw, 1024px\" \/><\/figure>\n\n\n\n<figure class=\"wp-block-image size-large\"><img decoding=\"async\" loading=\"lazy\" width=\"1024\" height=\"682\" data-id=\"2107\"  src=\"http:\/\/www.tcse.gob.ar\/wp-content\/uploads\/2025\/05\/TCP-Fernandez-44-1024x682.jpg\" alt=\"\" class=\"wp-image-2107\" srcset=\"http:\/\/www.tcse.gob.ar\/wp-content\/uploads\/2025\/05\/TCP-Fernandez-44-1024x682.jpg 1024w, http:\/\/www.tcse.gob.ar\/wp-content\/uploads\/2025\/05\/TCP-Fernandez-44-300x200.jpg 300w, http:\/\/www.tcse.gob.ar\/wp-content\/uploads\/2025\/05\/TCP-Fernandez-44-768x512.jpg 768w, http:\/\/www.tcse.gob.ar\/wp-content\/uploads\/2025\/05\/TCP-Fernandez-44.jpg 1379w\" sizes=\"(max-width: 1024px) 100vw, 1024px\" \/><\/figure>\n\n\n\n<figure class=\"wp-block-image size-large\"><img decoding=\"async\" loading=\"lazy\" width=\"1024\" height=\"682\" data-id=\"2111\"  src=\"http:\/\/www.tcse.gob.ar\/wp-content\/uploads\/2025\/05\/TCP-Fernandez-45-1024x682.jpg\" alt=\"\" class=\"wp-image-2111\" srcset=\"http:\/\/www.tcse.gob.ar\/wp-content\/uploads\/2025\/05\/TCP-Fernandez-45-1024x682.jpg 1024w, http:\/\/www.tcse.gob.ar\/wp-content\/uploads\/2025\/05\/TCP-Fernandez-45-300x200.jpg 300w, http:\/\/www.tcse.gob.ar\/wp-content\/uploads\/2025\/05\/TCP-Fernandez-45-768x512.jpg 768w, http:\/\/www.tcse.gob.ar\/wp-content\/uploads\/2025\/05\/TCP-Fernandez-45.jpg 1379w\" sizes=\"(max-width: 1024px) 100vw, 1024px\" \/><\/figure>\n\n\n\n<figure class=\"wp-block-image size-large\"><img decoding=\"async\" loading=\"lazy\" width=\"1024\" height=\"576\" data-id=\"2109\"  src=\"http:\/\/www.tcse.gob.ar\/wp-content\/uploads\/2025\/05\/TCP-Fernandez-55-1024x576.jpg\" alt=\"\" class=\"wp-image-2109\" srcset=\"http:\/\/www.tcse.gob.ar\/wp-content\/uploads\/2025\/05\/TCP-Fernandez-55-1024x576.jpg 1024w, http:\/\/www.tcse.gob.ar\/wp-content\/uploads\/2025\/05\/TCP-Fernandez-55-300x169.jpg 300w, http:\/\/www.tcse.gob.ar\/wp-content\/uploads\/2025\/05\/TCP-Fernandez-55-768x432.jpg 768w, http:\/\/www.tcse.gob.ar\/wp-content\/uploads\/2025\/05\/TCP-Fernandez-55-1536x864.jpg 1536w, http:\/\/www.tcse.gob.ar\/wp-content\/uploads\/2025\/05\/TCP-Fernandez-55.jpg 1634w\" sizes=\"(max-width: 1024px) 100vw, 1024px\" \/><\/figure>\n\n\n\n<figure class=\"wp-block-image size-large\"><img decoding=\"async\" loading=\"lazy\" width=\"1024\" height=\"682\" data-id=\"2113\"  src=\"http:\/\/www.tcse.gob.ar\/wp-content\/uploads\/2025\/05\/WhatsApp-Image-2025-05-15-at-10.50.08-1-1024x682.jpeg\" alt=\"\" class=\"wp-image-2113\" srcset=\"http:\/\/www.tcse.gob.ar\/wp-content\/uploads\/2025\/05\/WhatsApp-Image-2025-05-15-at-10.50.08-1-1024x682.jpeg 1024w, http:\/\/www.tcse.gob.ar\/wp-content\/uploads\/2025\/05\/WhatsApp-Image-2025-05-15-at-10.50.08-1-300x200.jpeg 300w, http:\/\/www.tcse.gob.ar\/wp-content\/uploads\/2025\/05\/WhatsApp-Image-2025-05-15-at-10.50.08-1-768x512.jpeg 768w, http:\/\/www.tcse.gob.ar\/wp-content\/uploads\/2025\/05\/WhatsApp-Image-2025-05-15-at-10.50.08-1-1536x1023.jpeg 1536w, http:\/\/www.tcse.gob.ar\/wp-content\/uploads\/2025\/05\/WhatsApp-Image-2025-05-15-at-10.50.08-1.jpeg 1600w\" sizes=\"(max-width: 1024px) 100vw, 1024px\" \/><\/figure>\n\n\n\n<figure class=\"wp-block-image size-large\"><img decoding=\"async\" loading=\"lazy\" width=\"1024\" height=\"682\" data-id=\"2110\"  src=\"http:\/\/www.tcse.gob.ar\/wp-content\/uploads\/2025\/05\/WhatsApp-Image-2025-05-15-at-10.50.08-1024x682.jpeg\" alt=\"\" class=\"wp-image-2110\" srcset=\"http:\/\/www.tcse.gob.ar\/wp-content\/uploads\/2025\/05\/WhatsApp-Image-2025-05-15-at-10.50.08-1024x682.jpeg 1024w, http:\/\/www.tcse.gob.ar\/wp-content\/uploads\/2025\/05\/WhatsApp-Image-2025-05-15-at-10.50.08-300x200.jpeg 300w, http:\/\/www.tcse.gob.ar\/wp-content\/uploads\/2025\/05\/WhatsApp-Image-2025-05-15-at-10.50.08-768x512.jpeg 768w, http:\/\/www.tcse.gob.ar\/wp-content\/uploads\/2025\/05\/WhatsApp-Image-2025-05-15-at-10.50.08-1536x1023.jpeg 1536w, http:\/\/www.tcse.gob.ar\/wp-content\/uploads\/2025\/05\/WhatsApp-Image-2025-05-15-at-10.50.08.jpeg 1600w\" sizes=\"(max-width: 1024px) 100vw, 1024px\" \/><\/figure>\n<\/figure>\n\n\n\n<figure class=\"wp-block-embed is-type-video is-provider-youtube wp-block-embed-youtube wp-embed-aspect-16-9 wp-has-aspect-ratio\"><div class=\"wp-block-embed__wrapper\">\n<iframe loading=\"lazy\" title=\"11er Encuentro Federal de Intendentes de Municipios de 2da y 3ra Categor\u00eda - Apertura\" width=\"860\" height=\"484\" src=\"https:\/\/www.youtube.com\/embed\/WBEW4I2P-4Y?feature=oembed\" frameborder=\"0\" allow=\"accelerometer; autoplay; clipboard-write; encrypted-media; gyroscope; picture-in-picture; web-share\" referrerpolicy=\"strict-origin-when-cross-origin\" allowfullscreen><\/iframe>\n<\/div><\/figure>\n","protected":false},"excerpt":{"rendered":"<p>&nbsp;Se desarroll\u00f3 en la ciudad de&nbsp;Fern\u00e1ndez&nbsp;el&nbsp;11\u00b0 Encuentro Federal de Intendentes&nbsp;de municipios de segunda y tercera categor\u00eda de Santiago del Estero, una iniciativa promovida por el&nbsp;Tribunal de Cuentas de la provincia&nbsp;que busca federalizar la gesti\u00f3n p\u00fablica y brindar herramientas t\u00e9cnicas a los gobiernos locales. La sede del encuentro fue el recinto del&nbsp;Concejo Deliberante&nbsp;fernandense. El evento cont\u00f3 con la presencia del presidente<\/p>\n","protected":false},"author":1,"featured_media":2097,"comment_status":"closed","ping_status":"open","sticky":false,"template":"","format":"standard","meta":[],"categories":[8],"tags":[2],"_links":{"self":[{"href":"http:\/\/www.tcse.gob.ar\/index.php\/wp-json\/wp\/v2\/posts\/2096"}],"collection":[{"href":"http:\/\/www.tcse.gob.ar\/index.php\/wp-json\/wp\/v2\/posts"}],"about":[{"href":"http:\/\/www.tcse.gob.ar\/index.php\/wp-json\/wp\/v2\/types\/post"}],"author":[{"embeddable":true,"href":"http:\/\/www.tcse.gob.ar\/index.php\/wp-json\/wp\/v2\/users\/1"}],"replies":[{"embeddable":true,"href":"http:\/\/www.tcse.gob.ar\/index.php\/wp-json\/wp\/v2\/comments?post=2096"}],"version-history":[{"count":3,"href":"http:\/\/www.tcse.gob.ar\/index.php\/wp-json\/wp\/v2\/posts\/2096\/revisions"}],"predecessor-version":[{"id":2122,"href":"http:\/\/www.tcse.gob.ar\/index.php\/wp-json\/wp\/v2\/posts\/2096\/revisions\/2122"}],"wp:featuredmedia":[{"embeddable":true,"href":"http:\/\/www.tcse.gob.ar\/index.php\/wp-json\/wp\/v2\/media\/2097"}],"wp:attachment":[{"href":"http:\/\/www.tcse.gob.ar\/index.php\/wp-json\/wp\/v2\/media?parent=2096"}],"wp:term":[{"taxonomy":"category","embeddable":true,"href":"http:\/\/www.tcse.gob.ar\/index.php\/wp-json\/wp\/v2\/categories?post=2096"},{"taxonomy":"post_tag","embeddable":true,"href":"http:\/\/www.tcse.gob.ar\/index.php\/wp-json\/wp\/v2\/tags?post=2096"}],"curies":[{"name":"wp","href":"https:\/\/api.w.org\/{rel}","templated":true}]}}