{"id":2123,"date":"2025-05-20T08:45:47","date_gmt":"2025-05-20T11:45:47","guid":{"rendered":"http:\/\/www.tcse.gob.ar\/?p=2123"},"modified":"2025-05-20T08:46:15","modified_gmt":"2025-05-20T11:46:15","slug":"1-reunion-s-p-t-c-r-a-y-de-a-s-u-r","status":"publish","type":"post","link":"http:\/\/www.tcse.gob.ar\/index.php\/noticia\/1-reunion-s-p-t-c-r-a-y-de-a-s-u-r\/","title":{"rendered":"1\u00b0 REUNION S.P.T.C.R.A. y  A.S.U.R."},"content":{"rendered":"\n<p>Durante los d\u00edas 9, 10 y 11 del mes de abril se desarroll\u00f3 la 1\u00b0 reuni\u00f3n de S.P.T.C.R.A. y de A.S.U.R. en la provincia de R\u00edo Negro. El acto de apertura de la mesa acad\u00e9mica estuvo integrada por el Presidente de Secretariado Dr. Sergio Tomas Oste, la Presidente del Tribunal de Cuentas de la provincia de R\u00edo Negro Dra. Natalia Falugi, el S\u00edndico General de la Naci\u00f3n Cr. Miguel Blanco, el presidente del Tribunal de Cuentas de R\u00edo Grande do Sul y presidente de A.S.U.R. Conselheiro Marco Peixoto, el Vicepresidente del Tribunal de Cuentas de R\u00edo Negro Cr. Maximiliano F. Su\u00e1rez, el Ministro de Gobierno Dr. Fabi\u00e1n Gatti, el Legislador de provincial Dr. Facundo L\u00f3pez y el Intendente de la ciudad de Bariloche Sr. Walter Cort\u00e9s.<br>La Presidente del Tribunal provincial local Dra. Natalia Falugi, como anfitriona, inici\u00f3 al acto haciendo uso de la palabra, dando la bienvenida a los presentes y manifest\u00f3 lo relevante de asegurar que cada recurso p\u00fablico se destine de manera eficiente, llegando a las \u00e1reas para las que fue comprometido. Para ello, es propicio aprovechar las jornadas buscando optimizar las metodolog\u00edas, incorporar nuevas tecnolog\u00edas, y fortalecer la colaboraci\u00f3n interinstitucional.<br>A su turno el Presidente del TC de R\u00edo Grande do Sul y Presidente de ASUR Conselheiro Marco Peixoto resalt\u00f3 la importancia de la participaci\u00f3n de ASUR, el di\u00e1logo y cooperaci\u00f3n de Brasil y Argentina.<br>Finalmente, el Presidente de SPTCRA, Dr. Sergio Tomas Oste realiz\u00f3 breve an\u00e1lisis de lo acontecido en las reuniones previas de SPTCRA, quedando establecidos los objetivos para el presente a\u00f1o de defensa de la Autonom\u00eda Funcional de los \u00d3rganos de Control y la Fiscalizaci\u00f3n sobre la explotaci\u00f3n y comercializaci\u00f3n de los Recursos Naturales que son propiedad de las provincias.<\/p>\n","protected":false},"excerpt":{"rendered":"<p>Durante los d\u00edas 9, 10 y 11 del mes de abril se desarroll\u00f3 la 1\u00b0 reuni\u00f3n de S.P.T.C.R.A. y de A.S.U.R. en la provincia de R\u00edo Negro. El acto de apertura de la mesa acad\u00e9mica estuvo integrada por el Presidente de Secretariado Dr. Sergio Tomas Oste, la Presidente del Tribunal de Cuentas de la provincia de R\u00edo Negro Dra. Natalia<\/p>\n","protected":false},"author":1,"featured_media":2124,"comment_status":"closed","ping_status":"open","sticky":false,"template":"","format":"standard","meta":[],"categories":[7,4],"tags":[],"_links":{"self":[{"href":"http:\/\/www.tcse.gob.ar\/index.php\/wp-json\/wp\/v2\/posts\/2123"}],"collection":[{"href":"http:\/\/www.tcse.gob.ar\/index.php\/wp-json\/wp\/v2\/posts"}],"about":[{"href":"http:\/\/www.tcse.gob.ar\/index.php\/wp-json\/wp\/v2\/types\/post"}],"author":[{"embeddable":true,"href":"http:\/\/www.tcse.gob.ar\/index.php\/wp-json\/wp\/v2\/users\/1"}],"replies":[{"embeddable":true,"href":"http:\/\/www.tcse.gob.ar\/index.php\/wp-json\/wp\/v2\/comments?post=2123"}],"version-history":[{"count":2,"href":"http:\/\/www.tcse.gob.ar\/index.php\/wp-json\/wp\/v2\/posts\/2123\/revisions"}],"predecessor-version":[{"id":2126,"href":"http:\/\/www.tcse.gob.ar\/index.php\/wp-json\/wp\/v2\/posts\/2123\/revisions\/2126"}],"wp:featuredmedia":[{"embeddable":true,"href":"http:\/\/www.tcse.gob.ar\/index.php\/wp-json\/wp\/v2\/media\/2124"}],"wp:attachment":[{"href":"http:\/\/www.tcse.gob.ar\/index.php\/wp-json\/wp\/v2\/media?parent=2123"}],"wp:term":[{"taxonomy":"category","embeddable":true,"href":"http:\/\/www.tcse.gob.ar\/index.php\/wp-json\/wp\/v2\/categories?post=2123"},{"taxonomy":"post_tag","embeddable":true,"href":"http:\/\/www.tcse.gob.ar\/index.php\/wp-json\/wp\/v2\/tags?post=2123"}],"curies":[{"name":"wp","href":"https:\/\/api.w.org\/{rel}","templated":true}]}}